{"id":9278,"date":"2023-06-15T00:00:00","date_gmt":"2023-06-15T00:00:00","guid":{"rendered":"https:\/\/blog.milanofashioninstitute.com\/abogado-de-moda-quien-es-y-que-hace\/"},"modified":"2024-07-10T14:08:41","modified_gmt":"2024-07-10T14:08:41","slug":"abogado-de-moda-quien-es-y-que-hace","status":"publish","type":"post","link":"https:\/\/blog.milanofashioninstitute.com\/es\/abogado-de-moda-quien-es-y-que-hace\/","title":{"rendered":"Abogado de moda: \u00bfqui\u00e9n es y qu\u00e9 hace?"},"content":{"rendered":"<p style=\"text-align: justify;\">\n<p style=\"text-align: justify;\">El mundo de la moda siempre ha ofrecido muchas oportunidades de trabajo: en los \u00faltimos a\u00f1os, en particular, se est\u00e1n abriendo camino nuevas figuras que, aunque a menudo poco conocidas, son nada menos que esenciales en el macrosistema de la moda.<\/p>\n<p style=\"text-align: justify;\">Una de ellas es la del <strong>Derecho<\/strong> de la Moda, una profesi\u00f3n h\u00edbrida que abarca tanto diferentes campos del derecho como el comercial, el de autor y el empresarial, como un profundo conocimiento del mundo de la moda y el lujo.<\/p>\n<p style=\"text-align: justify;\">\u00bfNo tienes claro el papel de esta figura o no est\u00e1s informado sobre qu\u00e9 caminos de estudio pueden permitirte convertirte en uno? Pues contin\u00fae leyendo el art\u00edculo del <strong>Milano Fashion Institute<\/strong>.<\/p>\n<p style=\"text-align: justify; font-size: 16px;\"><!--more--><\/p>\n<h2 style=\"text-align: justify;\">Fashion Lawyer: \u00bfpor qu\u00e9 es demandado por el mercado?<\/h2>\n<p>Piense en el proceso creativo para el dise\u00f1o de una prenda: \u00bfqui\u00e9n se asegura de que los derechos del dise\u00f1ador sean respetados por la casa de moda y que el comercio se realice en pleno cumplimiento de la normativa vigente?<\/p>\n<p style=\"text-align: justify;\">Esta es solo una de las muchas preguntas frente a las cuales el <strong>abogado de moda<\/strong> no puede encontrarse desprevenido: esto se debe a que sus tareas van desde garantizar <strong>el <\/strong> cumplimiento de los derechos de <strong> los modelos<\/strong> y <strong>dise\u00f1os<\/strong>, pasando por <strong>la marca y su comunicaci\u00f3n<\/strong>, y tambi\u00e9n llegar a la protecci\u00f3n en caso de <strong>plagio,<\/strong> y <strong> falsificaci\u00f3n.<\/strong> . Por lo tanto, no es de extra\u00f1ar que, en un mundo cada vez m\u00e1s digital en el que la apropiaci\u00f3n de contenidos est\u00e1 a la orden del d\u00eda, sea necesario garantizar la seguridad y el respeto de los derechos relativos a:<\/p>\n<p>&#8211; Identidad de marca<br \/>\n&#8211; Deposici\u00f3n de la marca<br \/>\n&#8211; Protecci\u00f3n del Made in Italy<br \/>\n&#8211; Propiedad intelectual<br \/>\n&#8211; Transparencia y equidad<\/p>\n<p style=\"text-align: justify;\">Los elementos que m\u00e1s distinguen al Fashion Lawyer son su <strong>interdisciplinariedad<\/strong> y la capacidad de mantenerse constantemente <strong>actualizado<\/strong> sobre las novedades y los cambios en el sector de la moda y el derecho.<\/p>\n<p style=\"text-align: justify;\">Dada la complejidad y, sobre todo, la delicadeza de los temas que trata, el <strong>abogado de moda<\/strong> debe poder contar con una preparaci\u00f3n s\u00f3lida: veamos ahora cu\u00e1les son los pasos para seguir una carrera en este sector.<\/p>\n<h2>Milano Fashion Institute: aqu\u00ed podr\u00e0s descubrir C\u00f3mo convertirse en un abogado de moda<\/h2>\n<p style=\"text-align: justify;\">En primer lugar, se requiere obtener un <strong>t\u00edtulo en Derecho<\/strong> y aprobar el Examen Estatal de <strong>Abogac\u00eda<\/strong>: el campo de acci\u00f3n del <strong>Abogado de Moda<\/strong>, de hecho, se erige como un puente entre el derecho civil y el penal.<\/p>\n<p style=\"text-align: justify;\">Luego llegamos a la fase real de especializaci\u00f3n: <strong>Milano Fashion Institute<\/strong> ofrece un curso especializado en <a style=\"font-weight: bold;\" href=\"https:\/\/www.milanofashioninstitute.com\/es\/courses\/fashion-law\/\" rel=\"noopener\">Derecho de la <strong>Moda<\/strong><\/a> que dura <strong>120 horas<\/strong> para profundizar y aprender en el campo todas las habilidades y mejores pr\u00e1cticas del sector.<\/p>\n<p style=\"text-align: justify;\">En particular, gracias a escuchar a profesionales y expertos, puede ponerse en contacto con algunos de los problemas legales m\u00e1s extendidos dentro del mundo de la moda, como<\/p>\n<p>&#8211; Derechos de propiedad, protecci\u00f3n de marca y marca<br \/>\n&#8211; Acuerdos y negociaciones comerciales<br \/>\n&#8211; La cadena de suministro y la comunicaci\u00f3n en l\u00ednea y fuera de l\u00ednea<br \/>\n&#8211; La mejora y protecci\u00f3n de la marca Made in Italy<\/p>\n<p style=\"text-align: justify;\"><strong>Se alternar\u00e1n clases te\u00f3ricas y de laboratorio<\/strong> para garantizar una preparaci\u00f3n exhaustiva y completa: tambi\u00e9n habr\u00e1, en la fase final, una <strong>simulaci\u00f3n<\/strong> real de litigios con el apoyo de algunos de los bufetes de abogados m\u00e1s prestigiosos de la ciudad de Mil\u00e1n.<\/p>\n<p style=\"text-align: justify;\">Las casas de moda y las realidades de la moda siempre est\u00e1n buscando <strong>abogados de moda<\/strong>: \u00bfpor qu\u00e9 no ampliar su \u00e1rea de inter\u00e9s para descubrir todas las oportunidades que ofrece este mundo?<\/p>\n<p style=\"text-align: justify;\">Si est\u00e1 interesado en recibir m\u00e1s informaci\u00f3n sobre el curso de <strong>Derecho<\/strong> de la Moda , <a href=\"https:\/\/www.milanofashioninstitute.com\/es\/contact\/\" rel=\"noopener\">no dude en ponerse en contacto con nosotros<\/a>: los expertos y tutores del <strong>Milano Fashion Institute<\/strong> est\u00e1n siempre a su disposici\u00f3n para guiarlo en la elecci\u00f3n del camino de formaci\u00f3n que mejor se adapte a sus inclinaciones.<\/p>\n<ul>\n<li><a class=\"mfi-link\" href=\"https:\/\/blog.milanofashioninstitute.com\/wp-content\/uploads\/2024\/08\/APPLICATION-FORM.pdf\" target=\"_blank\" rel=\"noopener\">Descarga el Application Form para los masters de MFI<\/a><\/li>\n<\/ul>\n","protected":false},"excerpt":{"rendered":"<p>El mundo de la moda siempre ha ofrecido muchas oportunidades de trabajo: en los \u00faltimos a\u00f1os, en particular, se est\u00e1n abriendo camino nuevas figuras que, aunque a menudo poco conocidas, son nada menos que esenciales en el macrosistema de la moda. Una de ellas es la del Derecho de la Moda, una profesi\u00f3n h\u00edbrida que [&hellip;]<\/p>\n","protected":false},"author":1,"featured_media":9279,"comment_status":"closed","ping_status":"open","sticky":false,"template":"","format":"standard","meta":{"footnotes":""},"categories":[2],"tags":[],"yoast_head":"<!-- This site is optimized with the Yoast SEO plugin v23.0 - https:\/\/yoast.com\/wordpress\/plugins\/seo\/ -->\n<title>Abogado de moda: \u00bfqui\u00e9n es y qu\u00e9 hace? - MFI Blog<\/title>\n<meta name=\"robots\" content=\"index, follow, max-snippet:-1, max-image-preview:large, max-video-preview:-1\" \/>\n<link rel=\"canonical\" href=\"https:\/\/blog.milanofashioninstitute.com\/es\/abogado-de-moda-quien-es-y-que-hace\/\" \/>\n<meta property=\"og:locale\" content=\"es_ES\" \/>\n<meta property=\"og:type\" content=\"article\" \/>\n<meta property=\"og:title\" content=\"Abogado de moda: \u00bfqui\u00e9n es y qu\u00e9 hace? - MFI Blog\" \/>\n<meta property=\"og:description\" content=\"El mundo de la moda siempre ha ofrecido muchas oportunidades de trabajo: en los \u00faltimos a\u00f1os, en particular, se est\u00e1n abriendo camino nuevas figuras que, aunque a menudo poco conocidas, son nada menos que esenciales en el macrosistema de la moda. Una de ellas es la del Derecho de la Moda, una profesi\u00f3n h\u00edbrida que [&hellip;]\" \/>\n<meta property=\"og:url\" content=\"https:\/\/blog.milanofashioninstitute.com\/es\/abogado-de-moda-quien-es-y-que-hace\/\" \/>\n<meta property=\"og:site_name\" content=\"MFI Blog\" \/>\n<meta property=\"article:published_time\" content=\"2023-06-15T00:00:00+00:00\" \/>\n<meta property=\"article:modified_time\" content=\"2024-07-10T14:08:41+00:00\" \/>\n<meta property=\"og:image\" content=\"https:\/\/blog.milanofashioninstitute.com\/wp-content\/uploads\/2024\/07\/Fashion-Lawyer-MFI-header.jpg\" \/>\n\t<meta property=\"og:image:width\" content=\"960\" \/>\n\t<meta property=\"og:image:height\" content=\"330\" \/>\n\t<meta property=\"og:image:type\" content=\"image\/jpeg\" \/>\n<meta name=\"author\" content=\"admin\" \/>\n<meta name=\"twitter:card\" content=\"summary_large_image\" \/>\n<meta name=\"twitter:label1\" content=\"Escrito por\" \/>\n\t<meta name=\"twitter:data1\" content=\"admin\" \/>\n\t<meta name=\"twitter:label2\" content=\"Tiempo de lectura\" \/>\n\t<meta name=\"twitter:data2\" content=\"4 minutos\" \/>\n<script type=\"application\/ld+json\" class=\"yoast-schema-graph\">{\"@context\":\"https:\/\/schema.org\",\"@graph\":[{\"@type\":\"WebPage\",\"@id\":\"https:\/\/blog.milanofashioninstitute.com\/es\/abogado-de-moda-quien-es-y-que-hace\/\",\"url\":\"https:\/\/blog.milanofashioninstitute.com\/es\/abogado-de-moda-quien-es-y-que-hace\/\",\"name\":\"Abogado de moda: \u00bfqui\u00e9n es y qu\u00e9 hace? - MFI Blog\",\"isPartOf\":{\"@id\":\"https:\/\/blog.milanofashioninstitute.com\/es\/#website\"},\"primaryImageOfPage\":{\"@id\":\"https:\/\/blog.milanofashioninstitute.com\/es\/abogado-de-moda-quien-es-y-que-hace\/#primaryimage\"},\"image\":{\"@id\":\"https:\/\/blog.milanofashioninstitute.com\/es\/abogado-de-moda-quien-es-y-que-hace\/#primaryimage\"},\"thumbnailUrl\":\"https:\/\/blog.milanofashioninstitute.com\/wp-content\/uploads\/2024\/07\/Fashion-Lawyer-MFI-header.jpg\",\"datePublished\":\"2023-06-15T00:00:00+00:00\",\"dateModified\":\"2024-07-10T14:08:41+00:00\",\"author\":{\"@id\":\"https:\/\/blog.milanofashioninstitute.com\/es\/#\/schema\/person\/a1afcf6130b76238334a7997d6dca3bc\"},\"breadcrumb\":{\"@id\":\"https:\/\/blog.milanofashioninstitute.com\/es\/abogado-de-moda-quien-es-y-que-hace\/#breadcrumb\"},\"inLanguage\":\"es\",\"potentialAction\":[{\"@type\":\"ReadAction\",\"target\":[\"https:\/\/blog.milanofashioninstitute.com\/es\/abogado-de-moda-quien-es-y-que-hace\/\"]}]},{\"@type\":\"ImageObject\",\"inLanguage\":\"es\",\"@id\":\"https:\/\/blog.milanofashioninstitute.com\/es\/abogado-de-moda-quien-es-y-que-hace\/#primaryimage\",\"url\":\"https:\/\/blog.milanofashioninstitute.com\/wp-content\/uploads\/2024\/07\/Fashion-Lawyer-MFI-header.jpg\",\"contentUrl\":\"https:\/\/blog.milanofashioninstitute.com\/wp-content\/uploads\/2024\/07\/Fashion-Lawyer-MFI-header.jpg\",\"width\":960,\"height\":330},{\"@type\":\"BreadcrumbList\",\"@id\":\"https:\/\/blog.milanofashioninstitute.com\/es\/abogado-de-moda-quien-es-y-que-hace\/#breadcrumb\",\"itemListElement\":[{\"@type\":\"ListItem\",\"position\":1,\"name\":\"Home\",\"item\":\"https:\/\/blog.milanofashioninstitute.com\/es\/\"},{\"@type\":\"ListItem\",\"position\":2,\"name\":\"Abogado de moda: \u00bfqui\u00e9n es y qu\u00e9 hace?\"}]},{\"@type\":\"WebSite\",\"@id\":\"https:\/\/blog.milanofashioninstitute.com\/es\/#website\",\"url\":\"https:\/\/blog.milanofashioninstitute.com\/es\/\",\"name\":\"MFI Blog\",\"description\":\"\",\"potentialAction\":[{\"@type\":\"SearchAction\",\"target\":{\"@type\":\"EntryPoint\",\"urlTemplate\":\"https:\/\/blog.milanofashioninstitute.com\/es\/?s={search_term_string}\"},\"query-input\":\"required name=search_term_string\"}],\"inLanguage\":\"es\"},{\"@type\":\"Person\",\"@id\":\"https:\/\/blog.milanofashioninstitute.com\/es\/#\/schema\/person\/a1afcf6130b76238334a7997d6dca3bc\",\"name\":\"admin\",\"image\":{\"@type\":\"ImageObject\",\"inLanguage\":\"es\",\"@id\":\"https:\/\/blog.milanofashioninstitute.com\/es\/#\/schema\/person\/image\/\",\"url\":\"https:\/\/secure.gravatar.com\/avatar\/495ea3a2e0c50396c196ccff234fab88?s=96&d=mm&r=g\",\"contentUrl\":\"https:\/\/secure.gravatar.com\/avatar\/495ea3a2e0c50396c196ccff234fab88?s=96&d=mm&r=g\",\"caption\":\"admin\"},\"sameAs\":[\"https:\/\/blog.milanofashioninstitute.com\"],\"url\":\"https:\/\/blog.milanofashioninstitute.com\/es\/author\/admin\/\"}]}<\/script>\n<!-- \/ Yoast SEO plugin. -->","yoast_head_json":{"title":"Abogado de moda: \u00bfqui\u00e9n es y qu\u00e9 hace? - MFI Blog","robots":{"index":"index","follow":"follow","max-snippet":"max-snippet:-1","max-image-preview":"max-image-preview:large","max-video-preview":"max-video-preview:-1"},"canonical":"https:\/\/blog.milanofashioninstitute.com\/es\/abogado-de-moda-quien-es-y-que-hace\/","og_locale":"es_ES","og_type":"article","og_title":"Abogado de moda: \u00bfqui\u00e9n es y qu\u00e9 hace? - MFI Blog","og_description":"El mundo de la moda siempre ha ofrecido muchas oportunidades de trabajo: en los \u00faltimos a\u00f1os, en particular, se est\u00e1n abriendo camino nuevas figuras que, aunque a menudo poco conocidas, son nada menos que esenciales en el macrosistema de la moda. Una de ellas es la del Derecho de la Moda, una profesi\u00f3n h\u00edbrida que [&hellip;]","og_url":"https:\/\/blog.milanofashioninstitute.com\/es\/abogado-de-moda-quien-es-y-que-hace\/","og_site_name":"MFI Blog","article_published_time":"2023-06-15T00:00:00+00:00","article_modified_time":"2024-07-10T14:08:41+00:00","og_image":[{"width":960,"height":330,"url":"https:\/\/blog.milanofashioninstitute.com\/wp-content\/uploads\/2024\/07\/Fashion-Lawyer-MFI-header.jpg","type":"image\/jpeg"}],"author":"admin","twitter_card":"summary_large_image","twitter_misc":{"Escrito por":"admin","Tiempo de lectura":"4 minutos"},"schema":{"@context":"https:\/\/schema.org","@graph":[{"@type":"WebPage","@id":"https:\/\/blog.milanofashioninstitute.com\/es\/abogado-de-moda-quien-es-y-que-hace\/","url":"https:\/\/blog.milanofashioninstitute.com\/es\/abogado-de-moda-quien-es-y-que-hace\/","name":"Abogado de moda: \u00bfqui\u00e9n es y qu\u00e9 hace? - MFI Blog","isPartOf":{"@id":"https:\/\/blog.milanofashioninstitute.com\/es\/#website"},"primaryImageOfPage":{"@id":"https:\/\/blog.milanofashioninstitute.com\/es\/abogado-de-moda-quien-es-y-que-hace\/#primaryimage"},"image":{"@id":"https:\/\/blog.milanofashioninstitute.com\/es\/abogado-de-moda-quien-es-y-que-hace\/#primaryimage"},"thumbnailUrl":"https:\/\/blog.milanofashioninstitute.com\/wp-content\/uploads\/2024\/07\/Fashion-Lawyer-MFI-header.jpg","datePublished":"2023-06-15T00:00:00+00:00","dateModified":"2024-07-10T14:08:41+00:00","author":{"@id":"https:\/\/blog.milanofashioninstitute.com\/es\/#\/schema\/person\/a1afcf6130b76238334a7997d6dca3bc"},"breadcrumb":{"@id":"https:\/\/blog.milanofashioninstitute.com\/es\/abogado-de-moda-quien-es-y-que-hace\/#breadcrumb"},"inLanguage":"es","potentialAction":[{"@type":"ReadAction","target":["https:\/\/blog.milanofashioninstitute.com\/es\/abogado-de-moda-quien-es-y-que-hace\/"]}]},{"@type":"ImageObject","inLanguage":"es","@id":"https:\/\/blog.milanofashioninstitute.com\/es\/abogado-de-moda-quien-es-y-que-hace\/#primaryimage","url":"https:\/\/blog.milanofashioninstitute.com\/wp-content\/uploads\/2024\/07\/Fashion-Lawyer-MFI-header.jpg","contentUrl":"https:\/\/blog.milanofashioninstitute.com\/wp-content\/uploads\/2024\/07\/Fashion-Lawyer-MFI-header.jpg","width":960,"height":330},{"@type":"BreadcrumbList","@id":"https:\/\/blog.milanofashioninstitute.com\/es\/abogado-de-moda-quien-es-y-que-hace\/#breadcrumb","itemListElement":[{"@type":"ListItem","position":1,"name":"Home","item":"https:\/\/blog.milanofashioninstitute.com\/es\/"},{"@type":"ListItem","position":2,"name":"Abogado de moda: \u00bfqui\u00e9n es y qu\u00e9 hace?"}]},{"@type":"WebSite","@id":"https:\/\/blog.milanofashioninstitute.com\/es\/#website","url":"https:\/\/blog.milanofashioninstitute.com\/es\/","name":"MFI Blog","description":"","potentialAction":[{"@type":"SearchAction","target":{"@type":"EntryPoint","urlTemplate":"https:\/\/blog.milanofashioninstitute.com\/es\/?s={search_term_string}"},"query-input":"required name=search_term_string"}],"inLanguage":"es"},{"@type":"Person","@id":"https:\/\/blog.milanofashioninstitute.com\/es\/#\/schema\/person\/a1afcf6130b76238334a7997d6dca3bc","name":"admin","image":{"@type":"ImageObject","inLanguage":"es","@id":"https:\/\/blog.milanofashioninstitute.com\/es\/#\/schema\/person\/image\/","url":"https:\/\/secure.gravatar.com\/avatar\/495ea3a2e0c50396c196ccff234fab88?s=96&d=mm&r=g","contentUrl":"https:\/\/secure.gravatar.com\/avatar\/495ea3a2e0c50396c196ccff234fab88?s=96&d=mm&r=g","caption":"admin"},"sameAs":["https:\/\/blog.milanofashioninstitute.com"],"url":"https:\/\/blog.milanofashioninstitute.com\/es\/author\/admin\/"}]}},"_links":{"self":[{"href":"https:\/\/blog.milanofashioninstitute.com\/es\/wp-json\/wp\/v2\/posts\/9278"}],"collection":[{"href":"https:\/\/blog.milanofashioninstitute.com\/es\/wp-json\/wp\/v2\/posts"}],"about":[{"href":"https:\/\/blog.milanofashioninstitute.com\/es\/wp-json\/wp\/v2\/types\/post"}],"author":[{"embeddable":true,"href":"https:\/\/blog.milanofashioninstitute.com\/es\/wp-json\/wp\/v2\/users\/1"}],"replies":[{"embeddable":true,"href":"https:\/\/blog.milanofashioninstitute.com\/es\/wp-json\/wp\/v2\/comments?post=9278"}],"version-history":[{"count":2,"href":"https:\/\/blog.milanofashioninstitute.com\/es\/wp-json\/wp\/v2\/posts\/9278\/revisions"}],"predecessor-version":[{"id":9962,"href":"https:\/\/blog.milanofashioninstitute.com\/es\/wp-json\/wp\/v2\/posts\/9278\/revisions\/9962"}],"wp:featuredmedia":[{"embeddable":true,"href":"https:\/\/blog.milanofashioninstitute.com\/es\/wp-json\/wp\/v2\/media\/9279"}],"wp:attachment":[{"href":"https:\/\/blog.milanofashioninstitute.com\/es\/wp-json\/wp\/v2\/media?parent=9278"}],"wp:term":[{"taxonomy":"category","embeddable":true,"href":"https:\/\/blog.milanofashioninstitute.com\/es\/wp-json\/wp\/v2\/categories?post=9278"},{"taxonomy":"post_tag","embeddable":true,"href":"https:\/\/blog.milanofashioninstitute.com\/es\/wp-json\/wp\/v2\/tags?post=9278"}],"curies":[{"name":"wp","href":"https:\/\/api.w.org\/{rel}","templated":true}]}}